{"id":6607,"date":"2023-12-05T09:43:23","date_gmt":"2023-12-05T08:43:23","guid":{"rendered":"https:\/\/smc-journal.ch\/?p=6607"},"modified":"2023-12-18T17:11:10","modified_gmt":"2023-12-18T16:11:10","slug":"smc-empfehlungen","status":"publish","type":"post","link":"https:\/\/smc-news.ch\/de\/smc-empfehlungen\/","title":{"rendered":"SMC-Empfehlungen"},"content":{"rendered":"\n<p><strong>Die Entwicklung und Publikation von Qualit\u00e4tsstandards hat f\u00fcr den Verein SMC und die Versorgung der Patientinnen und Patienten eine zentrale und in Anbetracht der politischen Entwicklungen zunehmende Bedeutung. Aktuell besch\u00e4ftigen uns das Update der Diagnostik-Empfehlungen sowie die Entwicklung der Therapie-Empfehlungen.<\/strong><\/p>\n\n\n\n<p>\u00dcbereinstimmend mit dem Vereinszweck \u00fcbernahm die SMC im Rahmen <a href=\"https:\/\/www.bag.admin.ch\/bag\/de\/home\/strategie-und-politik\/nationale-gesundheitsstrategien\/demenz\/nationale-demenzstrategie.html\">der&nbsp;Nationalen Demenzstrategie 2014\u20132019<\/a>&nbsp;die Federf\u00fchrung des Projekts 3.1, wobei es um den \u00abAuf- und Ausbau regionaler und vernetzter Kompetenzzentren f\u00fcr die Diagnostik\u00bb ging. Eine wichtige Massnahme war die Entwicklung und Ver\u00f6ffentlichung schweizweiter&nbsp;Qualit\u00e4tsstandards&nbsp;f\u00fcr den Abkl\u00e4rungsprozess in der Memory Clinic, die schliesslich als <a href=\"https:\/\/econtent.hogrefe.com\/doi\/full\/10.1024\/1661-8157\/a002948\">Empfehlungen der SMC f\u00fcr Diagnostik (2018)<\/a> publiziert wurden.<\/p>\n\n\n\n<p>Im Verlauf kamen die <a href=\"https:\/\/www.thieme-connect.com\/products\/ejournals\/abstract\/10.1055\/a-1277-6014\">Empfehlungen der SMC zur Amyloid-Bildgebung (2021)<\/a> sowie die <a href=\"https:\/\/econtent.hogrefe.com\/doi\/abs\/10.1024\/1661-8157\/a003913\">Empfehlungen der SMC zur Biomarker-Diagnostik (2022)<\/a>\u00a0hinzu. Aktuell wird das wichtige Update der Empfehlungen der SMC f\u00fcr Diagnostik f\u00fcr eine Publikation 2024 vorbereitet. <a href=\"https:\/\/www.swissmemoryclinics.ch\/qualitaetsshyentwicklung\/qualitaetsstandards\/diagnostik\/kapitel-thematisch\/\">Einzelne Kapitel (3, 5, 7, 9)<\/a> wurden bereits auf der SMC-Webseite publiziert. Dar\u00fcber hinaus erwarten wir vorfreudig die erstmalige Publikation der SMC-Therapie-Empfehlungen, die ebenfalls 2024 erscheinen wird.<a id=\"_msocom_1\"><\/a><\/p>\n","protected":false},"excerpt":{"rendered":"<p>Die Entwicklung und Publikation von Qualit\u00e4tsstandards hat f\u00fcr den Verein SMC und die Versorgung der Patientinnen und Patienten eine zentrale und in Anbetracht der politischen Entwicklungen zunehmende Bedeutung. Aktuell besch\u00e4ftigen uns das Update der Diagnostik-Empfehlungen sowie die Entwicklung der Therapie-Empfehlungen. \u00dcbereinstimmend mit dem Vereinszweck \u00fcbernahm die SMC im Rahmen der&nbsp;Nationalen Demenzstrategie 2014\u20132019&nbsp;die Federf\u00fchrung des Projekts [&hellip;]<\/p>\n","protected":false},"author":1,"featured_media":6756,"comment_status":"open","ping_status":"open","sticky":false,"template":"","format":"standard","meta":{"_et_pb_use_builder":"off","_et_pb_old_content":"","_et_gb_content_width":"","footnotes":""},"categories":[13],"tags":[],"class_list":["post-6607","post","type-post","status-publish","format-standard","has-post-thumbnail","hentry","category-smc-verein"],"_links":{"self":[{"href":"https:\/\/smc-news.ch\/de\/wp-json\/wp\/v2\/posts\/6607","targetHints":{"allow":["GET"]}}],"collection":[{"href":"https:\/\/smc-news.ch\/de\/wp-json\/wp\/v2\/posts"}],"about":[{"href":"https:\/\/smc-news.ch\/de\/wp-json\/wp\/v2\/types\/post"}],"author":[{"embeddable":true,"href":"https:\/\/smc-news.ch\/de\/wp-json\/wp\/v2\/users\/1"}],"replies":[{"embeddable":true,"href":"https:\/\/smc-news.ch\/de\/wp-json\/wp\/v2\/comments?post=6607"}],"version-history":[{"count":6,"href":"https:\/\/smc-news.ch\/de\/wp-json\/wp\/v2\/posts\/6607\/revisions"}],"predecessor-version":[{"id":7168,"href":"https:\/\/smc-news.ch\/de\/wp-json\/wp\/v2\/posts\/6607\/revisions\/7168"}],"wp:featuredmedia":[{"embeddable":true,"href":"https:\/\/smc-news.ch\/de\/wp-json\/wp\/v2\/media\/6756"}],"wp:attachment":[{"href":"https:\/\/smc-news.ch\/de\/wp-json\/wp\/v2\/media?parent=6607"}],"wp:term":[{"taxonomy":"category","embeddable":true,"href":"https:\/\/smc-news.ch\/de\/wp-json\/wp\/v2\/categories?post=6607"},{"taxonomy":"post_tag","embeddable":true,"href":"https:\/\/smc-news.ch\/de\/wp-json\/wp\/v2\/tags?post=6607"}],"curies":[{"name":"wp","href":"https:\/\/api.w.org\/{rel}","templated":true}]}}