{"id":6612,"date":"2023-12-05T09:53:22","date_gmt":"2023-12-05T08:53:22","guid":{"rendered":"https:\/\/smc-journal.ch\/?p=6612"},"modified":"2023-12-18T11:01:13","modified_gmt":"2023-12-18T10:01:13","slug":"save-the-date-smc-fortbildungstag-und-mitgliederversammlung-15-5-2024","status":"publish","type":"post","link":"https:\/\/smc-news.ch\/de\/save-the-date-smc-fortbildungstag-und-mitgliederversammlung-15-5-2024\/","title":{"rendered":"Save the Date: SMC Fortbildungstag und Mitgliederversammlung 15.5.2024"},"content":{"rendered":"\n<p><strong>Am 15. Mai 2024 l\u00e4dt SMC zum 16. Fortbildungstag f\u00fcr Demenzspezialistinnen und -spezialisten des Vereins SWISS MEMORY CLINICS ein. Das Symposium findet ab 9:00 Uhr wieder im <\/strong><strong>Generationenhaus, Bahnhofplatz 2 in 3011 Bern statt. Nach dem Mittagessen folgt die j\u00e4hrliche Mitgliederversammlung.<\/strong><\/p>\n\n\n\n<p>Die Themenschwerpunkte f\u00fcr die Referate und Workshops werden die Neuerscheinung der SMC Therapie-Empfehlungen sowie die Chancen und Herausforderungen der neuen Therapiem\u00f6glichkeiten im Bereich der prodromalen und leichten Alzheimerdemenz umfassen. Wir w\u00fcrden uns freuen, diese wichtigen Themen an diesem Anlass gemeinsam mit m\u00f6glichst vielen Mitgliedern diskutieren zu k\u00f6nnen.<\/p>\n","protected":false},"excerpt":{"rendered":"<p>Am 15. Mai 2024 l\u00e4dt SMC zum 16. Fortbildungstag f\u00fcr Demenzspezialistinnen und -spezialisten des Vereins SWISS MEMORY CLINICS ein. Das Symposium findet ab 9:00 Uhr wieder im Generationenhaus, Bahnhofplatz 2 in 3011 Bern statt. Nach dem Mittagessen folgt die j\u00e4hrliche Mitgliederversammlung. Die Themenschwerpunkte f\u00fcr die Referate und Workshops werden die Neuerscheinung der SMC Therapie-Empfehlungen sowie [&hellip;]<\/p>\n","protected":false},"author":1,"featured_media":6756,"comment_status":"open","ping_status":"open","sticky":false,"template":"","format":"standard","meta":{"_et_pb_use_builder":"off","_et_pb_old_content":"","_et_gb_content_width":"","footnotes":""},"categories":[13],"tags":[],"class_list":["post-6612","post","type-post","status-publish","format-standard","has-post-thumbnail","hentry","category-smc-verein"],"_links":{"self":[{"href":"https:\/\/smc-news.ch\/de\/wp-json\/wp\/v2\/posts\/6612","targetHints":{"allow":["GET"]}}],"collection":[{"href":"https:\/\/smc-news.ch\/de\/wp-json\/wp\/v2\/posts"}],"about":[{"href":"https:\/\/smc-news.ch\/de\/wp-json\/wp\/v2\/types\/post"}],"author":[{"embeddable":true,"href":"https:\/\/smc-news.ch\/de\/wp-json\/wp\/v2\/users\/1"}],"replies":[{"embeddable":true,"href":"https:\/\/smc-news.ch\/de\/wp-json\/wp\/v2\/comments?post=6612"}],"version-history":[{"count":2,"href":"https:\/\/smc-news.ch\/de\/wp-json\/wp\/v2\/posts\/6612\/revisions"}],"predecessor-version":[{"id":7007,"href":"https:\/\/smc-news.ch\/de\/wp-json\/wp\/v2\/posts\/6612\/revisions\/7007"}],"wp:featuredmedia":[{"embeddable":true,"href":"https:\/\/smc-news.ch\/de\/wp-json\/wp\/v2\/media\/6756"}],"wp:attachment":[{"href":"https:\/\/smc-news.ch\/de\/wp-json\/wp\/v2\/media?parent=6612"}],"wp:term":[{"taxonomy":"category","embeddable":true,"href":"https:\/\/smc-news.ch\/de\/wp-json\/wp\/v2\/categories?post=6612"},{"taxonomy":"post_tag","embeddable":true,"href":"https:\/\/smc-news.ch\/de\/wp-json\/wp\/v2\/tags?post=6612"}],"curies":[{"name":"wp","href":"https:\/\/api.w.org\/{rel}","templated":true}]}}