{"id":7448,"date":"2024-06-10T10:35:40","date_gmt":"2024-06-10T08:35:40","guid":{"rendered":"https:\/\/smc-news.ch\/?p=7448"},"modified":"2024-06-10T10:35:41","modified_gmt":"2024-06-10T08:35:41","slug":"informationen-zur-neuen-plattform-demenzworld","status":"publish","type":"post","link":"https:\/\/smc-news.ch\/de\/informationen-zur-neuen-plattform-demenzworld\/","title":{"rendered":"Informationen zur neuen Plattform demenzworld"},"content":{"rendered":"\n<p><strong>Ein Team ausgewiesener Expert:innen hat sich vereint, um die Angebote f\u00fcr Demenzbetroffene zu verbessern und zu innovieren \u2013 offline und online. Zu diesem Zweck wurde der gemeinn\u00fctzige Verein demenzworld mit Sitz in Bern gegr\u00fcndet. Ziel der Angebote von demenzworld ist es, die vielen seit Jahren bestehenden Angebote unter einem Dach zu b\u00fcndeln und eine attraktive und zeitgem\u00e4sse digitale Heimat f\u00fcr Demenzbetroffene und deren Angeh\u00f6rige zu schaffen.<\/strong><\/p>\n\n\n\n<p><strong>demenzworld \u2013 Ein Lichtblick nach der Diagnose<\/strong><br>Nach einer Demenz-Diagnose Unterst\u00fctzung und Wegbegleitung erhalten. Eine Gemeinschaft, die versteht, was Betroffene und Angeh\u00f6rige durchmachen, und bereit ist, Erfahrung und Hoffnung zu teilen. Das bietet die Plattform demenzworld \u2013 eine Plattform, die Information, Orientierung und eine dynamische Community zusammenbringt. Denn mit dem richtigen Wissen und einer starken Gemeinschaft ist ein erf\u00fclltes Leben mit Demenz m\u00f6glich. Das ist es, was demenzworld erm\u00f6glichen will:\u00a0 den Alltag von Betroffenen und Angeh\u00f6rigen erleichtern.<\/p>\n\n\n\n<div class=\"wp-block-buttons is-content-justification-center is-layout-flex wp-container-core-buttons-is-layout-16018d1d wp-block-buttons-is-layout-flex\">\n<div class=\"wp-block-button\"><a class=\"wp-block-button__link wp-element-button\" href=\"https:\/\/smc-news.ch\/wp-content\/uploads\/2024\/05\/dw_demenzworld_Flyer_digital.pdf\" target=\"_blank\" rel=\"noreferrer noopener\">Flyer Demenzworld<\/a><\/div>\n<\/div>\n\n\n\n<p><\/p>\n\n\n\n<p><strong>Alles an einem Ort<\/strong><br>Die Plattform demenzworld basiert auf diesen zentralen S\u00e4ulen:<\/p>\n\n\n\n<ul class=\"wp-block-list\">\n<li><a href=\"https:\/\/demenzwiki.com\/\">demenzwiki<\/a>: Hier finden Sie kostenlose Informationen zu \u00fcber 150 Demenzbegriffen, erg\u00e4nzt durch Links und Fachliteratur.<\/li>\n\n\n\n<li><a href=\"https:\/\/demenzjournal.com\/\">demenzjournal<\/a>: Kostenlose Reportagen, Interviews und Blogbeitr\u00e4ge geben vielseitige Einblicke in das Leben mit Demenz und aktuelle Entwicklungen.<\/li>\n\n\n\n<li><a href=\"https:\/\/www.facebook.com\/groups\/demenzalzheimer\">demenzforum<\/a>: Ein gesch\u00fctzter virtueller Raum f\u00fcr vertrauensvollen Austausch, der moderiert wird.<\/li>\n\n\n\n<li><a href=\"https:\/\/www.demenzmeet.ch\/\">demenzmeets<\/a>: Diese Veranstaltungen bieten Raum f\u00fcr Begegnung, Austausch und Vernetzung zwischen Angeh\u00f6rigen und Betroffenen und finden in der Schweiz, Deutschland und \u00d6sterreich statt. Die Teilnahme ist kostenpflichtig.<\/li>\n\n\n\n<li><a href=\"https:\/\/demenzworld.com\/\">demenznavi<\/a>: Es begleitet Betroffene und Angeh\u00f6rige mit wichtigen Informationen, Checklisten, Peer-to-Peer-Videos, Fallbeispielen und Lifehacks durch verschiedene Lebensphasen der Demenz. Die Inhalte sind \u00fcber ein Abo zug\u00e4nglich.<\/li>\n<\/ul>\n\n\n\n<p><strong>Wer gestaltet demenzworld?<\/strong><\/p>\n\n\n\n<ul class=\"wp-block-list\">\n<li>Experten auf Augenh\u00f6he: Unsere Inhalte sind von Menschen mit Demenz und deren Angeh\u00f6rigen mitgestaltet und von Fachpersonal gepr\u00fcft.<\/li>\n\n\n\n<li>Von Menschen f\u00fcr Menschen: Wir nehmen die Anliegen unserer Community ernst und entwickeln auf Basis ihrer W\u00fcnsche und Themen n\u00fctzliche Ressourcen, um das Leben mit Demenz zu erleichtern.<\/li>\n<\/ul>\n\n\n\n<p>Es resultiert eine attraktive und zeitgem\u00e4sse digitale Heimat f\u00fcr Demenzbetroffene und Angeh\u00f6rige.<br>Hier erhalten Sie weitere Informationen: <a href=\"https:\/\/demenzworld.com\">https:\/\/demenzworld.com<\/a><\/p>\n\n\n\n<p><\/p>\n","protected":false},"excerpt":{"rendered":"<p>Ein Team ausgewiesener Expert:innen hat sich vereint, um die Angebote f\u00fcr Demenzbetroffene zu verbessern und zu innovieren \u2013 offline und online. Zu diesem Zweck wurde der gemeinn\u00fctzige Verein demenzworld mit Sitz in Bern gegr\u00fcndet. Ziel der Angebote von demenzworld ist es, die vielen seit Jahren bestehenden Angebote unter einem Dach zu b\u00fcndeln und eine attraktive [&hellip;]<\/p>\n","protected":false},"author":1,"featured_media":6750,"comment_status":"open","ping_status":"open","sticky":false,"template":"","format":"standard","meta":{"_et_pb_use_builder":"off","_et_pb_old_content":"","_et_gb_content_width":"","footnotes":""},"categories":[11],"tags":[],"class_list":["post-7448","post","type-post","status-publish","format-standard","has-post-thumbnail","hentry","category-smc-netzwerk"],"_links":{"self":[{"href":"https:\/\/smc-news.ch\/de\/wp-json\/wp\/v2\/posts\/7448","targetHints":{"allow":["GET"]}}],"collection":[{"href":"https:\/\/smc-news.ch\/de\/wp-json\/wp\/v2\/posts"}],"about":[{"href":"https:\/\/smc-news.ch\/de\/wp-json\/wp\/v2\/types\/post"}],"author":[{"embeddable":true,"href":"https:\/\/smc-news.ch\/de\/wp-json\/wp\/v2\/users\/1"}],"replies":[{"embeddable":true,"href":"https:\/\/smc-news.ch\/de\/wp-json\/wp\/v2\/comments?post=7448"}],"version-history":[{"count":5,"href":"https:\/\/smc-news.ch\/de\/wp-json\/wp\/v2\/posts\/7448\/revisions"}],"predecessor-version":[{"id":7521,"href":"https:\/\/smc-news.ch\/de\/wp-json\/wp\/v2\/posts\/7448\/revisions\/7521"}],"wp:featuredmedia":[{"embeddable":true,"href":"https:\/\/smc-news.ch\/de\/wp-json\/wp\/v2\/media\/6750"}],"wp:attachment":[{"href":"https:\/\/smc-news.ch\/de\/wp-json\/wp\/v2\/media?parent=7448"}],"wp:term":[{"taxonomy":"category","embeddable":true,"href":"https:\/\/smc-news.ch\/de\/wp-json\/wp\/v2\/categories?post=7448"},{"taxonomy":"post_tag","embeddable":true,"href":"https:\/\/smc-news.ch\/de\/wp-json\/wp\/v2\/tags?post=7448"}],"curies":[{"name":"wp","href":"https:\/\/api.w.org\/{rel}","templated":true}]}}