{"id":7910,"date":"2025-10-28T09:48:05","date_gmt":"2025-10-28T08:48:05","guid":{"rendered":"https:\/\/smc-news.ch\/?p=7910"},"modified":"2025-10-28T09:48:05","modified_gmt":"2025-10-28T08:48:05","slug":"kooperation-smc-alzheimer-schweiz-wechsel-in-der-fuehrung-bei-alz-ch","status":"publish","type":"post","link":"https:\/\/smc-news.ch\/de\/kooperation-smc-alzheimer-schweiz-wechsel-in-der-fuehrung-bei-alz-ch\/","title":{"rendered":"Kooperation SMC &#8211; Alzheimer Schweiz: Wechsel in der F\u00fchrung bei ALZ CH"},"content":{"rendered":"\n<p><strong>Direktorin Dr. Stefanie Becker hat die Kooperation zwischen unseren Organisationen massgeblich mitgepr\u00e4gt. Wir blicken auf einige sehr konstruktive und intensive Jahre des gemeinsamen Engagements zur\u00fcck. Wir w\u00fcnschen Stefanie Becker alles Gute f\u00fcr Ihren weiteren Weg und sind trotz des Verlustes zuversichtlich, uns weiterhin partnerschaftlich f\u00fcr unsere gemeinsamen Interessen einsetzen zu k\u00f6nnen.<\/strong><\/p>\n\n\n\n<p><strong><em>Medienmitteilung: Direktorin Dr. Stefanie Becker verl\u00e4sst Alzheimer Schweiz<\/em><\/strong><\/p>\n\n\n\n<p><em>Medienmitteilung vom 08. September 2025<\/em><\/p>\n\n\n\n<p>Nach zehn Jahren ausserordentlichen Engagements wird Dr. Stefanie Becker die F\u00fchrung von Alzheimer Schweiz Ende 2025 abgeben. Unter ihrer F\u00fchrung entwickelte sich die Organisation zu einer national wie international vernetzten Fachorganisation \u2013 heute anerkannt als Kompetenzzentrum und erste Anlaufstelle f\u00fcr Demenz in der Schweiz. Der Zentralvorstand nimmt ihren Entscheid mit grossem Bedauern entgegen und w\u00fcrdigt ihr Wirken als wegweisend und nachhaltig.<\/p>\n\n\n\n<p>Stefanie Becker positionierte Alzheimer Schweiz als verl\u00e4ssliche Partnerin in Praxis, Politik, Wissenschaft und Gesellschaft. Sie professionalisierte Strukturen, st\u00e4rkte die Zusammenarbeit mit den 21 Sektionen und setzte wichtige Themen konsequent auf die Agenda. Zu den pr\u00e4genden Meilensteinen z\u00e4hlen die Mitgestaltung der Nationalen Demenzstrategie und der Nationalen Plattform Demenz, die Lancierung der Nationalen Demenzkonferenz mit Public Health Schweiz, die Initiierung von Innovationsprojekten insbesondere in der digitalen Teilhabe, sowie der Ausbau internationaler und nationaler Kooperationen, etwa mit Alzheimer Europe oder den Swiss Memory Clinics.<\/p>\n\n\n\n<p>Ein zentrales Anliegen war es ihr dabei stets, die Stimme von Menschen mit Demenz und ihren Angeh\u00f6rigen h\u00f6rbar zu machen und ihre Selbstbestimmung zu st\u00e4rken. Auch in den Medien und an Fachtagungen trat sie kontinuierlich als profilierte Stimme f\u00fcr ihre Anliegen auf.<\/p>\n\n\n\n<p>\u00abMit Stefanie Becker verliert Alzheimer Schweiz eine profilierte und hoch engagierte Pers\u00f6nlichkeit, die die Entwicklung unserer Organisation \u00fcber ein Jahrzehnt entscheidend gepr\u00e4gt hat\u00bb, sagt Pr\u00e4sident Hans St\u00f6ckli. \u00abDank ihrer Weitsicht und strategischen Ausrichtung ist die Organisation heute ausgezeichnet aufgestellt und zukunftsf\u00e4hig. Wir danken Stefanie Becker herzlich f\u00fcr ihre herausragende Arbeit und freuen uns, dass sie ihre Expertise bis Ende 2025 weiterhin einbringen wird.\u00bb. Die Suche nach einer Nachfolge ist eingeleitet.<\/p>\n\n\n\n<p>\u00abDie Entwicklung von Alzheimer Schweiz in den letzten zehn Jahren gemeinsam mit einem engagierten Team und starken Partnern mitgestalten zu d\u00fcrfen, war stets eine professionelle aber besonders auch eine pers\u00f6nliche Bereicherung. Jetzt ist der Moment gekommen, die Leitung weiterzugeben \u2013 und f\u00fcr mich selbst Raum f\u00fcr neue Wege zu schaffen\u00bb, erkl\u00e4rt Dr. Stefanie Becker.<\/p>\n","protected":false},"excerpt":{"rendered":"<p>Direktorin Dr. Stefanie Becker hat die Kooperation zwischen unseren Organisationen massgeblich mitgepr\u00e4gt. Wir blicken auf einige sehr konstruktive und intensive Jahre des gemeinsamen Engagements zur\u00fcck. Wir w\u00fcnschen Stefanie Becker alles Gute f\u00fcr Ihren weiteren Weg und sind trotz des Verlustes zuversichtlich, uns weiterhin partnerschaftlich f\u00fcr unsere gemeinsamen Interessen einsetzen zu k\u00f6nnen. Medienmitteilung: Direktorin Dr. Stefanie [&hellip;]<\/p>\n","protected":false},"author":1,"featured_media":6750,"comment_status":"open","ping_status":"open","sticky":false,"template":"","format":"standard","meta":{"_et_pb_use_builder":"off","_et_pb_old_content":"","_et_gb_content_width":"","footnotes":""},"categories":[11],"tags":[],"class_list":["post-7910","post","type-post","status-publish","format-standard","has-post-thumbnail","hentry","category-smc-netzwerk"],"_links":{"self":[{"href":"https:\/\/smc-news.ch\/de\/wp-json\/wp\/v2\/posts\/7910","targetHints":{"allow":["GET"]}}],"collection":[{"href":"https:\/\/smc-news.ch\/de\/wp-json\/wp\/v2\/posts"}],"about":[{"href":"https:\/\/smc-news.ch\/de\/wp-json\/wp\/v2\/types\/post"}],"author":[{"embeddable":true,"href":"https:\/\/smc-news.ch\/de\/wp-json\/wp\/v2\/users\/1"}],"replies":[{"embeddable":true,"href":"https:\/\/smc-news.ch\/de\/wp-json\/wp\/v2\/comments?post=7910"}],"version-history":[{"count":1,"href":"https:\/\/smc-news.ch\/de\/wp-json\/wp\/v2\/posts\/7910\/revisions"}],"predecessor-version":[{"id":7911,"href":"https:\/\/smc-news.ch\/de\/wp-json\/wp\/v2\/posts\/7910\/revisions\/7911"}],"wp:featuredmedia":[{"embeddable":true,"href":"https:\/\/smc-news.ch\/de\/wp-json\/wp\/v2\/media\/6750"}],"wp:attachment":[{"href":"https:\/\/smc-news.ch\/de\/wp-json\/wp\/v2\/media?parent=7910"}],"wp:term":[{"taxonomy":"category","embeddable":true,"href":"https:\/\/smc-news.ch\/de\/wp-json\/wp\/v2\/categories?post=7910"},{"taxonomy":"post_tag","embeddable":true,"href":"https:\/\/smc-news.ch\/de\/wp-json\/wp\/v2\/tags?post=7910"}],"curies":[{"name":"wp","href":"https:\/\/api.w.org\/{rel}","templated":true}]}}