{"id":7011,"date":"2023-12-05T09:43:23","date_gmt":"2023-12-05T08:43:23","guid":{"rendered":"https:\/\/smc-news.ch\/recommandations-du-smc\/"},"modified":"2023-12-18T17:12:16","modified_gmt":"2023-12-18T16:12:16","slug":"recommandations-du-smc","status":"publish","type":"post","link":"https:\/\/smc-news.ch\/fr\/recommandations-du-smc\/","title":{"rendered":"Recommandations du SMC"},"content":{"rendered":"\n<p><strong>Le d\u00e9veloppement et la publication de normes de qualit\u00e9 rev\u00eatent une importance centrale pour l&rsquo;association SMC et pour la prise en charge des patients, et une importance croissante au vu des \u00e9volutions politiques. Actuellement, la mise \u00e0 jour des recommandations diagnostiques ainsi que le d\u00e9veloppement des recommandations th\u00e9rapeutiques nous occupent. <\/strong><\/p>\n\n<p>Conform\u00e9ment au but de l&rsquo;association,la SMC a pris la direction du projet 3.1 dans le cadre de la <a href=\"https:\/\/www.bag.admin.ch\/bag\/de\/home\/strategie-und-politik\/nationale-gesundheitsstrategien\/demenz\/nationale-demenzstrategie.html\">Strat\u00e9gie nationale en mati\u00e8re de d\u00e9mence 2014-2019<\/a>, dont l&rsquo;objectif \u00e9tait la \u00ab\u00a0mise en place et le d\u00e9veloppement de centres de comp\u00e9tences r\u00e9gionaux et en r\u00e9seau pour le diagnostic\u00a0\u00bb. Une mesure importante a \u00e9t\u00e9 le d\u00e9veloppement et la publication de standards de qualit\u00e9 \u00e0 l&rsquo;\u00e9chelle suisse pour le processus d&rsquo;\u00e9valuation dans la Memory Clinic, qui ont finalement \u00e9t\u00e9 publi\u00e9s sous forme de <a href=\"https:\/\/econtent.hogrefe.com\/doi\/full\/10.1024\/1661-8157\/a002948\">recommandations de la SMC pour le diagnostic (2018)<\/a>.<\/p>\n\n<p>Les <a href=\"https:\/\/www.thieme-connect.com\/products\/ejournals\/abstract\/10.1055\/a-1277-6014\">recommandations de la SMC sur l&rsquo;imagerie amylo\u00efde (2021)<\/a> et les <a href=\"https:\/\/econtent.hogrefe.com\/doi\/abs\/10.1024\/1661-8157\/a003913\">recommandations de la SMC sur le diagnostic des biomarqueurs (2022)<\/a> sont venues s&rsquo;y ajouter au fil du temps. Actuellement, l&rsquo;importante mise \u00e0 jour des recommandations de la SMC en mati\u00e8re de diagnostic est en pr\u00e9paration pour une publication en 2024. <a href=\"https:\/\/www.swissmemoryclinics.ch\/qualitaetsshyentwicklung\/qualitaetsstandards\/diagnostik\/kapitel-thematisch\/\">Certains chapitres (3, 5, 7, 9)<\/a> ont d\u00e9j\u00e0 \u00e9t\u00e9 publi\u00e9s sur le site Internet de la SMC. En outre, nous attendons avec impatience la premi\u00e8re publication des recommandations th\u00e9rapeutiques de la SMC, qui para\u00eetra \u00e9galement en 2024.<a id=\"_msocom_1\"><\/a><\/p>\n","protected":false},"excerpt":{"rendered":"<p>Le d\u00e9veloppement et la publication de normes de qualit\u00e9 rev\u00eatent une importance centrale pour l&rsquo;association SMC et pour la prise en charge des patients, et une importance croissante au vu des \u00e9volutions politiques. Actuellement, la mise \u00e0 jour des recommandations diagnostiques ainsi que le d\u00e9veloppement des recommandations th\u00e9rapeutiques nous occupent. Conform\u00e9ment au but de l&rsquo;association,la [&hellip;]<\/p>\n","protected":false},"author":1,"featured_media":6757,"comment_status":"open","ping_status":"open","sticky":false,"template":"","format":"standard","meta":{"_et_pb_use_builder":"off","_et_pb_old_content":"","_et_gb_content_width":"","footnotes":""},"categories":[26],"tags":[],"class_list":["post-7011","post","type-post","status-publish","format-standard","has-post-thumbnail","hentry","category-societe-smc"],"_links":{"self":[{"href":"https:\/\/smc-news.ch\/fr\/wp-json\/wp\/v2\/posts\/7011","targetHints":{"allow":["GET"]}}],"collection":[{"href":"https:\/\/smc-news.ch\/fr\/wp-json\/wp\/v2\/posts"}],"about":[{"href":"https:\/\/smc-news.ch\/fr\/wp-json\/wp\/v2\/types\/post"}],"author":[{"embeddable":true,"href":"https:\/\/smc-news.ch\/fr\/wp-json\/wp\/v2\/users\/1"}],"replies":[{"embeddable":true,"href":"https:\/\/smc-news.ch\/fr\/wp-json\/wp\/v2\/comments?post=7011"}],"version-history":[{"count":2,"href":"https:\/\/smc-news.ch\/fr\/wp-json\/wp\/v2\/posts\/7011\/revisions"}],"predecessor-version":[{"id":7169,"href":"https:\/\/smc-news.ch\/fr\/wp-json\/wp\/v2\/posts\/7011\/revisions\/7169"}],"wp:featuredmedia":[{"embeddable":true,"href":"https:\/\/smc-news.ch\/fr\/wp-json\/wp\/v2\/media\/6757"}],"wp:attachment":[{"href":"https:\/\/smc-news.ch\/fr\/wp-json\/wp\/v2\/media?parent=7011"}],"wp:term":[{"taxonomy":"category","embeddable":true,"href":"https:\/\/smc-news.ch\/fr\/wp-json\/wp\/v2\/categories?post=7011"},{"taxonomy":"post_tag","embeddable":true,"href":"https:\/\/smc-news.ch\/fr\/wp-json\/wp\/v2\/tags?post=7011"}],"curies":[{"name":"wp","href":"https:\/\/api.w.org\/{rel}","templated":true}]}}