{"id":7029,"date":"2023-12-05T11:35:00","date_gmt":"2023-12-05T10:35:00","guid":{"rendered":"https:\/\/smc-news.ch\/sondage-smc-preavis\/"},"modified":"2024-01-03T15:05:39","modified_gmt":"2024-01-03T14:05:39","slug":"sondage-smc-preavis","status":"publish","type":"post","link":"https:\/\/smc-news.ch\/fr\/sondage-smc-preavis\/","title":{"rendered":"Sondage SMC : Pr\u00e9avis"},"content":{"rendered":"\n<p><strong>Le comit\u00e9 directeur du SMC a \u00e9galement d\u00e9cid\u00e9, sur la base des pr\u00e9cieuses discussions men\u00e9es dans le cadre de l&rsquo;assembl\u00e9e g\u00e9n\u00e9rale 2023, de mener une enqu\u00eate aupr\u00e8s de tous les membres au cours du premier trimestre 2024. Nous souhaitons mieux comprendre les conditions g\u00e9n\u00e9rales de chaque membre afin de mieux cerner la situation des soins ainsi que les possibilit\u00e9s de d\u00e9veloppement inclusif dans le domaine de la qualit\u00e9. <\/strong><\/p>\n\n<p>Il s&rsquo;agit d&rsquo;une enqu\u00eate de l&rsquo;association Swiss Memory Clinics (SMC) pour la saisie des caract\u00e9ristiques structurelles et proc\u00e9durales du traitement interdisciplinaire (diagnostic et th\u00e9rapie) de la d\u00e9mence et des troubles neurocognitifs apparent\u00e9s. Il s&rsquo;agit d&rsquo;un \u00e9l\u00e9ment important des efforts visant \u00e0 garantir et \u00e0 d\u00e9velopper des soins de haute qualit\u00e9 en accord avec le but de l&rsquo;association, conform\u00e9ment \u00e0 l&rsquo;article 2 des statuts de la SMC. <\/p>\n\n<p>En outre, nous esp\u00e9rons acqu\u00e9rir de pr\u00e9cieuses connaissances en ce qui concerne la pr\u00e9paration du syst\u00e8me dans le contexte de soins suisse, qui doit \u00eatre trait\u00e9e dans le cadre du groupe de travail \u00ab\u00a0New Drugs\u00a0\u00bb. Le groupe de travail souhaite publier un document de position de la SMC \u00e0 l&rsquo;\u00e9t\u00e9 2024 et pr\u00e9parer au mieux ses membres aux nouvelles possibilit\u00e9s th\u00e9rapeutiques et \u00e0 leurs implications pour les soins dans le quotidien clinique. <\/p>\n\n<p>Nous demandons donc instamment aux directions des membres de la SMC de prendre un peu de temps pour r\u00e9pondre \u00e0 ces questions importantes, car seul un taux de r\u00e9ponses \u00e9lev\u00e9 nous permettra d&rsquo;atteindre l&rsquo;objectif de l&rsquo;enqu\u00eate. Nous vous remercions d&rsquo;avance de votre engagement dans ce sujet si important pour l&rsquo;association et ses membres. <\/p>\n","protected":false},"excerpt":{"rendered":"<p>Le comit\u00e9 directeur du SMC a \u00e9galement d\u00e9cid\u00e9, sur la base des pr\u00e9cieuses discussions men\u00e9es dans le cadre de l&rsquo;assembl\u00e9e g\u00e9n\u00e9rale 2023, de mener une enqu\u00eate aupr\u00e8s de tous les membres au cours du premier trimestre 2024. Nous souhaitons mieux comprendre les conditions g\u00e9n\u00e9rales de chaque membre afin de mieux cerner la situation des soins [&hellip;]<\/p>\n","protected":false},"author":1,"featured_media":6868,"comment_status":"open","ping_status":"open","sticky":false,"template":"","format":"standard","meta":{"_et_pb_use_builder":"off","_et_pb_old_content":"","_et_gb_content_width":"","footnotes":""},"categories":[29],"tags":[],"class_list":["post-7029","post","type-post","status-publish","format-standard","has-post-thumbnail","hentry","category-membres-smc"],"_links":{"self":[{"href":"https:\/\/smc-news.ch\/fr\/wp-json\/wp\/v2\/posts\/7029","targetHints":{"allow":["GET"]}}],"collection":[{"href":"https:\/\/smc-news.ch\/fr\/wp-json\/wp\/v2\/posts"}],"about":[{"href":"https:\/\/smc-news.ch\/fr\/wp-json\/wp\/v2\/types\/post"}],"author":[{"embeddable":true,"href":"https:\/\/smc-news.ch\/fr\/wp-json\/wp\/v2\/users\/1"}],"replies":[{"embeddable":true,"href":"https:\/\/smc-news.ch\/fr\/wp-json\/wp\/v2\/comments?post=7029"}],"version-history":[{"count":2,"href":"https:\/\/smc-news.ch\/fr\/wp-json\/wp\/v2\/posts\/7029\/revisions"}],"predecessor-version":[{"id":7206,"href":"https:\/\/smc-news.ch\/fr\/wp-json\/wp\/v2\/posts\/7029\/revisions\/7206"}],"wp:featuredmedia":[{"embeddable":true,"href":"https:\/\/smc-news.ch\/fr\/wp-json\/wp\/v2\/media\/6868"}],"wp:attachment":[{"href":"https:\/\/smc-news.ch\/fr\/wp-json\/wp\/v2\/media?parent=7029"}],"wp:term":[{"taxonomy":"category","embeddable":true,"href":"https:\/\/smc-news.ch\/fr\/wp-json\/wp\/v2\/categories?post=7029"},{"taxonomy":"post_tag","embeddable":true,"href":"https:\/\/smc-news.ch\/fr\/wp-json\/wp\/v2\/tags?post=7029"}],"curies":[{"name":"wp","href":"https:\/\/api.w.org\/{rel}","templated":true}]}}