{"id":7317,"date":"2024-04-02T12:53:17","date_gmt":"2024-04-02T10:53:17","guid":{"rendered":"https:\/\/smc-news.ch\/?p=7317"},"modified":"2024-04-03T14:36:46","modified_gmt":"2024-04-03T12:36:46","slug":"les-nouvelles-recommandations-bpsd-sont-desormais-publiees","status":"publish","type":"post","link":"https:\/\/smc-news.ch\/fr\/les-nouvelles-recommandations-bpsd-sont-desormais-publiees\/","title":{"rendered":"Les nouvelles recommandations SCPD sont d\u00e9sormais publi\u00e9es"},"content":{"rendered":"\n<p><strong>Nous attirons \u00e9galement votre attention sur la tr\u00e8s importante et pr\u00e9cieuse mise \u00e0 jour des recommandations professionnelles pour le traitement des <span lang=\"DE-CH\" style=\"mso-bidi-font-family:Calibri; mso-bidi-theme-font:minor-latin;mso-ansi-language:DE-CH\">sympt\u00f4mes comportementaux et psychologiques li\u00e9s \u00e0 la d\u00e9menc SCPD<\/span><\/strong> <strong>, r\u00e9vis\u00e9es par le professeur E. Savaskan et le docteur D. Georgescu. <\/strong><\/p>\n\n<p><\/p>\n\n<p><strong>Recommandations pour le diagnostic et le traitement des sympt\u00f4mes comportementaux et psychologiques li\u00e9s \u00e0 la d\u00e9mence (SCPD)<\/strong><\/p>\n\n<p>La version courte (1) de la nouvelle \u00e9dition du Prof. Dr med Savaskan, Dr med Dan Georgescu et al. est en cours de publication (en allemand). La version longue, c&rsquo;est-\u00e0-dire le manuel (2), sera publi\u00e9e dans les deux prochains mois (en allemand).   <\/p>\n\n<p>1. Savaskan E, Georgescu D, Becker S, Benkert B, Blessing A, B\u00fcrge M, Felbecker A, Hatzinger M, Hemmeter UM, Hirsbrunner T, Kl\u00f6ppel S, Latour Erlinger G, Lornsen FJ, Peter J, Schl\u00f6gl M, Sollberger M, Ngamsri T, Verloo H, V\u00f6geli S, Z\u00fa\u0148iga F. Empfehlungen f\u00fcr die Diagnostik und Therapie der Behavioralen und Psychischen Symptome der Demenz (BPSD). PRAXIS 2024; 113 (2): 34\u201343. <\/p>\n\n<p>2. Savaskan E &amp; Georgescu D &amp; Z\u00fa\u0148iga F (Hrsg.). Empfehlungen zur Diagnostik und Therapie der Behavioralen und Psychischen Symptome der Demenz (BPSD). Bern: Hogrefe Verlag, 2024.  <\/p>\n","protected":false},"excerpt":{"rendered":"<p>Nous attirons \u00e9galement votre attention sur la tr\u00e8s importante et pr\u00e9cieuse mise \u00e0 jour des recommandations professionnelles pour le traitement des sympt\u00f4mes comportementaux et psychologiques li\u00e9s \u00e0 la d\u00e9menc SCPD , r\u00e9vis\u00e9es par le professeur E. Savaskan et le docteur D. Georgescu. Recommandations pour le diagnostic et le traitement des sympt\u00f4mes comportementaux et psychologiques li\u00e9s [&hellip;]<\/p>\n","protected":false},"author":1,"featured_media":6751,"comment_status":"open","ping_status":"open","sticky":false,"template":"","format":"standard","meta":{"_et_pb_use_builder":"off","_et_pb_old_content":"","_et_gb_content_width":"","footnotes":""},"categories":[30],"tags":[],"class_list":["post-7317","post","type-post","status-publish","format-standard","has-post-thumbnail","hentry","category-reseau-smc"],"_links":{"self":[{"href":"https:\/\/smc-news.ch\/fr\/wp-json\/wp\/v2\/posts\/7317","targetHints":{"allow":["GET"]}}],"collection":[{"href":"https:\/\/smc-news.ch\/fr\/wp-json\/wp\/v2\/posts"}],"about":[{"href":"https:\/\/smc-news.ch\/fr\/wp-json\/wp\/v2\/types\/post"}],"author":[{"embeddable":true,"href":"https:\/\/smc-news.ch\/fr\/wp-json\/wp\/v2\/users\/1"}],"replies":[{"embeddable":true,"href":"https:\/\/smc-news.ch\/fr\/wp-json\/wp\/v2\/comments?post=7317"}],"version-history":[{"count":3,"href":"https:\/\/smc-news.ch\/fr\/wp-json\/wp\/v2\/posts\/7317\/revisions"}],"predecessor-version":[{"id":7377,"href":"https:\/\/smc-news.ch\/fr\/wp-json\/wp\/v2\/posts\/7317\/revisions\/7377"}],"wp:featuredmedia":[{"embeddable":true,"href":"https:\/\/smc-news.ch\/fr\/wp-json\/wp\/v2\/media\/6751"}],"wp:attachment":[{"href":"https:\/\/smc-news.ch\/fr\/wp-json\/wp\/v2\/media?parent=7317"}],"wp:term":[{"taxonomy":"category","embeddable":true,"href":"https:\/\/smc-news.ch\/fr\/wp-json\/wp\/v2\/categories?post=7317"},{"taxonomy":"post_tag","embeddable":true,"href":"https:\/\/smc-news.ch\/fr\/wp-json\/wp\/v2\/tags?post=7317"}],"curies":[{"name":"wp","href":"https:\/\/api.w.org\/{rel}","templated":true}]}}