{"id":8001,"date":"2025-10-28T09:51:55","date_gmt":"2025-10-28T08:51:55","guid":{"rendered":"https:\/\/smc-news.ch\/?p=8001"},"modified":"2025-10-28T09:51:55","modified_gmt":"2025-10-28T08:51:55","slug":"groupe-de-travail-sante-des-femmes-et-demence","status":"publish","type":"post","link":"https:\/\/smc-news.ch\/fr\/groupe-de-travail-sante-des-femmes-et-demence\/","title":{"rendered":"Groupe de travail \u00abSant\u00e9 des femmes et d\u00e9mence\u00bb"},"content":{"rendered":"\n<p><strong>Swiss Memory Clinics (SMC) pr\u00e9voit de publier un document de synth\u00e8se sur le th\u00e8me \u00ab Aspects sp\u00e9cifiques de la d\u00e9mence selon le sexe, avec un accent particulier sur la sant\u00e9 des femmes dans la pr\u00e9vention, le diagnostic et le traitement \u00bb \u00e0 la demande et avec le soutien de l&rsquo;OFSP.<\/strong><\/p>\n\n<p>Cette initiative fait suite \u00e0 la demande du Conseil f\u00e9d\u00e9ral aux services f\u00e9d\u00e9raux, dont l&rsquo;OFSP, de mieux prendre en compte les besoins des femmes en mati\u00e8re de sant\u00e9 dans la recherche, la formation, la pr\u00e9vention et les soins. \u00c0 partir de 2025, ces aspects seront \u00e9galement int\u00e9gr\u00e9s dans les travaux de la Plateforme nationale sur la d\u00e9mence. La prise de position met en lumi\u00e8re les diff\u00e9rences li\u00e9es au genre dans la pr\u00e9vention, le diagnostic et le traitement des maladies d\u00e9mentielles. Le groupe de travail interdisciplinaire tr\u00e8s engag\u00e9, dirig\u00e9 par    <em>membre du comit\u00e9 directeur de la SMC  <\/em>lic. phil. Gabriela Latour a d\u00e9j\u00e0 commenc\u00e9 ses travaux. La publication des r\u00e9sultats de ces travaux est pr\u00e9vue dans le courant de l&rsquo;ann\u00e9e 2026. <\/p>\n","protected":false},"excerpt":{"rendered":"<p>Swiss Memory Clinics (SMC) pr\u00e9voit de publier un document de synth\u00e8se sur le th\u00e8me \u00ab Aspects sp\u00e9cifiques de la d\u00e9mence selon le sexe, avec un accent particulier sur la sant\u00e9 des femmes dans la pr\u00e9vention, le diagnostic et le traitement \u00bb \u00e0 la demande et avec le soutien de l&rsquo;OFSP. Cette initiative fait suite \u00e0 [&hellip;]<\/p>\n","protected":false},"author":1,"featured_media":6757,"comment_status":"open","ping_status":"open","sticky":false,"template":"","format":"standard","meta":{"_et_pb_use_builder":"off","_et_pb_old_content":"","_et_gb_content_width":"","footnotes":""},"categories":[26],"tags":[],"class_list":["post-8001","post","type-post","status-publish","format-standard","has-post-thumbnail","hentry","category-societe-smc"],"_links":{"self":[{"href":"https:\/\/smc-news.ch\/fr\/wp-json\/wp\/v2\/posts\/8001","targetHints":{"allow":["GET"]}}],"collection":[{"href":"https:\/\/smc-news.ch\/fr\/wp-json\/wp\/v2\/posts"}],"about":[{"href":"https:\/\/smc-news.ch\/fr\/wp-json\/wp\/v2\/types\/post"}],"author":[{"embeddable":true,"href":"https:\/\/smc-news.ch\/fr\/wp-json\/wp\/v2\/users\/1"}],"replies":[{"embeddable":true,"href":"https:\/\/smc-news.ch\/fr\/wp-json\/wp\/v2\/comments?post=8001"}],"version-history":[{"count":7,"href":"https:\/\/smc-news.ch\/fr\/wp-json\/wp\/v2\/posts\/8001\/revisions"}],"predecessor-version":[{"id":8059,"href":"https:\/\/smc-news.ch\/fr\/wp-json\/wp\/v2\/posts\/8001\/revisions\/8059"}],"wp:featuredmedia":[{"embeddable":true,"href":"https:\/\/smc-news.ch\/fr\/wp-json\/wp\/v2\/media\/6757"}],"wp:attachment":[{"href":"https:\/\/smc-news.ch\/fr\/wp-json\/wp\/v2\/media?parent=8001"}],"wp:term":[{"taxonomy":"category","embeddable":true,"href":"https:\/\/smc-news.ch\/fr\/wp-json\/wp\/v2\/categories?post=8001"},{"taxonomy":"post_tag","embeddable":true,"href":"https:\/\/smc-news.ch\/fr\/wp-json\/wp\/v2\/tags?post=8001"}],"curies":[{"name":"wp","href":"https:\/\/api.w.org\/{rel}","templated":true}]}}