{"id":8011,"date":"2025-10-28T09:48:46","date_gmt":"2025-10-28T08:48:46","guid":{"rendered":"https:\/\/smc-news.ch\/?p=8011"},"modified":"2025-10-28T09:48:46","modified_gmt":"2025-10-28T08:48:46","slug":"alzheimer-suisse-communique-de-presse-a-loccasion-de-la-journee-mondiale-alzheimer-2025","status":"publish","type":"post","link":"https:\/\/smc-news.ch\/fr\/alzheimer-suisse-communique-de-presse-a-loccasion-de-la-journee-mondiale-alzheimer-2025\/","title":{"rendered":"Alzheimer Suisse : communiqu\u00e9 de presse \u00e0 l&rsquo;occasion de la Journ\u00e9e mondiale Alzheimer 2025"},"content":{"rendered":"\n<p><strong>L&rsquo;autorisation esp\u00e9r\u00e9e en Suisse de nouveaux traitements modificateurs de la maladie d&rsquo;Alzheimer se fait toujours attendre.<\/strong><\/p>\n\n<p>Si l&rsquo;un des principes actifs a d\u00e9j\u00e0 \u00e9t\u00e9 autoris\u00e9 dans l&rsquo;UE et dans plus de 12 autres pays, les personnes atteintes, leurs proches et les professionnels de la sant\u00e9 doivent encore patienter en Suisse. \u00c0 l&rsquo;occasion de la Journ\u00e9e mondiale Alzheimer 2025, Alzheimer Suisse met donc l&rsquo;accent sur un levier d&rsquo;autant plus important pour bien vivre avec la d\u00e9mence : la pr\u00e9vention. <\/p>\n\n<p>Lisez ici le communiqu\u00e9 de presse d&rsquo;Alzheimer Suisse du 21 septembre 2025 :<\/p>\n\n<div class=\"wp-block-buttons is-layout-flex wp-block-buttons-is-layout-flex\">\n<div class=\"wp-block-button\"><a class=\"wp-block-button__link wp-element-button\" href=\"https:\/\/smc-news.ch\/wp-content\/uploads\/2025\/09\/2025_09_18_WAT25_Praevention-bleibt-zentral_D-2.pdf\">Communiqu\u00e9 de presse (en allemand)<\/a><\/div>\n<\/div>\n\n<div class=\"wp-block-buttons is-layout-flex wp-block-buttons-is-layout-flex\">\n<div class=\"wp-block-button\"><a class=\"wp-block-button__link wp-element-button\" href=\"https:\/\/smc-news.ch\/wp-content\/uploads\/2025\/09\/2025_09_18_WAT25_Praevention-bleibt-zentral_F.pdf\">Communiqu\u00e9 de presse (en fran\u00e7ais)<\/a><\/div>\n<\/div>\n\n<div class=\"wp-block-buttons is-layout-flex wp-block-buttons-is-layout-flex\">\n<div class=\"wp-block-button\"><a class=\"wp-block-button__link wp-element-button\" href=\"https:\/\/smc-news.ch\/wp-content\/uploads\/2025\/09\/2025_09_18_WAT25_Praevention-bleibt-zentral_I.pdf\">Communiqu\u00e9 de presse (en italien)<\/a><\/div>\n<\/div>\n","protected":false},"excerpt":{"rendered":"<p>L&rsquo;autorisation esp\u00e9r\u00e9e en Suisse de nouveaux traitements modificateurs de la maladie d&rsquo;Alzheimer se fait toujours attendre. Si l&rsquo;un des principes actifs a d\u00e9j\u00e0 \u00e9t\u00e9 autoris\u00e9 dans l&rsquo;UE et dans plus de 12 autres pays, les personnes atteintes, leurs proches et les professionnels de la sant\u00e9 doivent encore patienter en Suisse. \u00c0 l&rsquo;occasion de la Journ\u00e9e [&hellip;]<\/p>\n","protected":false},"author":1,"featured_media":6751,"comment_status":"open","ping_status":"open","sticky":false,"template":"","format":"standard","meta":{"_et_pb_use_builder":"off","_et_pb_old_content":"","_et_gb_content_width":"","footnotes":""},"categories":[30],"tags":[],"class_list":["post-8011","post","type-post","status-publish","format-standard","has-post-thumbnail","hentry","category-reseau-smc"],"_links":{"self":[{"href":"https:\/\/smc-news.ch\/fr\/wp-json\/wp\/v2\/posts\/8011","targetHints":{"allow":["GET"]}}],"collection":[{"href":"https:\/\/smc-news.ch\/fr\/wp-json\/wp\/v2\/posts"}],"about":[{"href":"https:\/\/smc-news.ch\/fr\/wp-json\/wp\/v2\/types\/post"}],"author":[{"embeddable":true,"href":"https:\/\/smc-news.ch\/fr\/wp-json\/wp\/v2\/users\/1"}],"replies":[{"embeddable":true,"href":"https:\/\/smc-news.ch\/fr\/wp-json\/wp\/v2\/comments?post=8011"}],"version-history":[{"count":3,"href":"https:\/\/smc-news.ch\/fr\/wp-json\/wp\/v2\/posts\/8011\/revisions"}],"predecessor-version":[{"id":8014,"href":"https:\/\/smc-news.ch\/fr\/wp-json\/wp\/v2\/posts\/8011\/revisions\/8014"}],"wp:featuredmedia":[{"embeddable":true,"href":"https:\/\/smc-news.ch\/fr\/wp-json\/wp\/v2\/media\/6751"}],"wp:attachment":[{"href":"https:\/\/smc-news.ch\/fr\/wp-json\/wp\/v2\/media?parent=8011"}],"wp:term":[{"taxonomy":"category","embeddable":true,"href":"https:\/\/smc-news.ch\/fr\/wp-json\/wp\/v2\/categories?post=8011"},{"taxonomy":"post_tag","embeddable":true,"href":"https:\/\/smc-news.ch\/fr\/wp-json\/wp\/v2\/tags?post=8011"}],"curies":[{"name":"wp","href":"https:\/\/api.w.org\/{rel}","templated":true}]}}