{"id":7186,"date":"2023-12-05T09:43:23","date_gmt":"2023-12-05T08:43:23","guid":{"rendered":"https:\/\/smc-news.ch\/raccomandazioni-dellassociazione-smc\/"},"modified":"2024-01-03T12:22:06","modified_gmt":"2024-01-03T11:22:06","slug":"raccomandazioni-dellassociazione-smc","status":"publish","type":"post","link":"https:\/\/smc-news.ch\/it\/raccomandazioni-dellassociazione-smc\/","title":{"rendered":"Raccomandazioni dell\u2019associazione SMC"},"content":{"rendered":"\n<p><strong>Lo sviluppo e la pubblicazione di standard di qualit\u00e0 \u00e8 centrale per l&#8217;associazione SMC e per la presa in carico dei pazienti, che sta diventando sempre pi\u00f9 importante alla luce degli sviluppi politici. Attualmente stiamo lavorando all&#8217;aggiornamento delle raccomandazioni diagnostiche e allo sviluppo di raccomandazioni terapeutiche. <\/strong><\/p>\n\n<p>In linea con lo scopo dell&#8217;associazione, SMCha assunto la guida del progetto 3.1 nell&#8217;ambito della <a href=\"https:\/\/www.bag.admin.ch\/bag\/de\/home\/strategie-und-politik\/nationale-gesundheitsstrategien\/demenz\/nationale-demenzstrategie.html\">strategia nazionale sulla demenza 2014-2019<\/a>, incentrato sulla &#8220;creazione e l&#8217;espansione di una rete di centri di competenza regionali e per la diagnosi&#8221;. Una misura importante \u00e8 stata lo sviluppo e la pubblicazione di standard di qualit\u00e0 a livello nazionale per il processo di valutazione nelle cliniche della memoria, che sono stati infine pubblicati come <a href=\"https:\/\/econtent.hogrefe.com\/doi\/full\/10.1024\/1661-8157\/a002948\">raccomandazioni SMC per la diagnosi (2018)<\/a>.<\/p>\n\n<p>Le <a href=\"https:\/\/www.thieme-connect.com\/products\/ejournals\/abstract\/10.1055\/a-1277-6014\">raccomandazioni SMC sull&#8217;imaging dell&#8217;amiloide (2021)<\/a> e le <a href=\"https:\/\/econtent.hogrefe.com\/doi\/abs\/10.1024\/1661-8157\/a003913\">raccomandazioni SMC sulla diagnosidei biomarcatori (2022)<\/a> sono state aggiunte successivamente. L&#8217;importante aggiornamento delle raccomandazioni SMC per la diagnosi \u00e8 attualmente in fase di preparazione per unapubblicazione prevista nel 2024. <a href=\"https:\/\/www.swissmemoryclinics.ch\/qualitaetsshyentwicklung\/qualitaetsstandards\/diagnostik\/kapitel-thematisch\/\">Alcuni capitoli (3, 5, 7, 9<\/a>) sono gi\u00e0 stati pubblicati sul sito web delle SMC. Siamo anche in attesa della prima pubblicazione delle raccomandazioni SMC per la terapia, che apparir\u00e0 anch&#8217;essa nel 2024.<a id=\"_msocom_1\"><\/a><\/p>\n","protected":false},"excerpt":{"rendered":"<p>Lo sviluppo e la pubblicazione di standard di qualit\u00e0 \u00e8 centrale per l&#8217;associazione SMC e per la presa in carico dei pazienti, che sta diventando sempre pi\u00f9 importante alla luce degli sviluppi politici. Attualmente stiamo lavorando all&#8217;aggiornamento delle raccomandazioni diagnostiche e allo sviluppo di raccomandazioni terapeutiche. In linea con lo scopo dell&#8217;associazione, SMCha assunto la [&hellip;]<\/p>\n","protected":false},"author":1,"featured_media":6758,"comment_status":"open","ping_status":"open","sticky":false,"template":"","format":"standard","meta":{"_et_pb_use_builder":"off","_et_pb_old_content":"","_et_gb_content_width":"","footnotes":""},"categories":[35],"tags":[],"class_list":["post-7186","post","type-post","status-publish","format-standard","has-post-thumbnail","hentry","category-associazione-smc"],"_links":{"self":[{"href":"https:\/\/smc-news.ch\/it\/wp-json\/wp\/v2\/posts\/7186","targetHints":{"allow":["GET"]}}],"collection":[{"href":"https:\/\/smc-news.ch\/it\/wp-json\/wp\/v2\/posts"}],"about":[{"href":"https:\/\/smc-news.ch\/it\/wp-json\/wp\/v2\/types\/post"}],"author":[{"embeddable":true,"href":"https:\/\/smc-news.ch\/it\/wp-json\/wp\/v2\/users\/1"}],"replies":[{"embeddable":true,"href":"https:\/\/smc-news.ch\/it\/wp-json\/wp\/v2\/comments?post=7186"}],"version-history":[{"count":1,"href":"https:\/\/smc-news.ch\/it\/wp-json\/wp\/v2\/posts\/7186\/revisions"}],"predecessor-version":[{"id":7187,"href":"https:\/\/smc-news.ch\/it\/wp-json\/wp\/v2\/posts\/7186\/revisions\/7187"}],"wp:featuredmedia":[{"embeddable":true,"href":"https:\/\/smc-news.ch\/it\/wp-json\/wp\/v2\/media\/6758"}],"wp:attachment":[{"href":"https:\/\/smc-news.ch\/it\/wp-json\/wp\/v2\/media?parent=7186"}],"wp:term":[{"taxonomy":"category","embeddable":true,"href":"https:\/\/smc-news.ch\/it\/wp-json\/wp\/v2\/categories?post=7186"},{"taxonomy":"post_tag","embeddable":true,"href":"https:\/\/smc-news.ch\/it\/wp-json\/wp\/v2\/tags?post=7186"}],"curies":[{"name":"wp","href":"https:\/\/api.w.org\/{rel}","templated":true}]}}