{"id":7480,"date":"2024-06-10T10:55:26","date_gmt":"2024-06-10T08:55:26","guid":{"rendered":"https:\/\/smc-news.ch\/?p=7480"},"modified":"2024-06-10T10:55:28","modified_gmt":"2024-06-10T08:55:28","slug":"lanno-in-rassegna-giornata-di-formazione-continua-smc-e-assemblea-generale-del-15-maggio-2024","status":"publish","type":"post","link":"https:\/\/smc-news.ch\/it\/lanno-in-rassegna-giornata-di-formazione-continua-smc-e-assemblea-generale-del-15-maggio-2024\/","title":{"rendered":"L\u2019anno in rassegna: Giornata di formazione continua SMC e Assemblea Generale del 15 maggio 2024"},"content":{"rendered":"\n<p><strong>La giornata di formazione continua SMC e la successiva Assemblea Generale del 15 maggio 2024 hanno suscitato grande interesse: 84 partecipanti hanno preso parte al simposio e 51 persone per 28 cliniche della memoria hanno assistito all&#8217;Assemblea Generale. <\/strong><\/p>\n\n<p><strong>Il Simposio SMC del mattino<\/strong><br\/>Il corso di formazione continua ha iniziato con una presentazione del Prof. Dr. Stefan Kl\u00f6ppel (Direttore e Primario della Clinica Universitaria di Psichiatria e Psicoterapia di Berna) sul tema &#8220;Raccomandazioni terapeutiche SMC &#8211; solo una tigre di carta?&#8221;, in cui sono state discusse le nuove raccomandazioni delle Cliniche della Memoria svizzere per il trattamento della demenza e le sfide della loro implementazione nella pratica quotidiana. Il Prof. Giovanni Frisoni (Direttore del Centro della Memoria degli Ospedali Universitari di Ginevra) \u00e8 poi intervenuto sul tema &#8220;Trattamenti anti-amiloide &#8211; Prospettive e impatto per le Cliniche della Memoria svizzere&#8221;, concentrandosi sugli ultimi sviluppi nel campo della terapia dell&#8217;Alzheimer e sull\u2019attivit\u00e0 del gruppo di lavoro svizzero. <\/p>\n\n<p>Durante i workshop (DE\/FR) si sono svolte discussioni intense e costruttive sulle &#8220;Nuove opzioni terapeutiche: Trasferimento dalla teoria alla pratica&#8221;. Il previsto aumento della domanda di diagnosi precoce e diagnosi differenziale in caso di decisione favorevole di Swissmedic contrasta con la pressione sulle scarse risorse umane in un ambiente dominato dai costi. Sono stati discussi (non in modo esaustivo) la necessit\u00e0 di maggiori dati sull&#8217;efficacia e la sicurezza, nuove forme di cooperazione tra le diverse unit\u00e0 del sistema sanitario, procedure operative standard, un registro e altri aspetti.  <\/p>\n\n<p><\/p>\n\n<p><strong>L&#8217;Assemblea Generale della SMC nel pomeriggio<\/strong><br\/>L&#8217;Assemblea Generale annuale prevedeva l&#8217;elezione di un sostituto per Michael Ehrensperger, membro di lunga data e molto stimato del Comitato Direttivo. Su sua richiesta, Michael non si \u00e8 candidato per la rielezione dopo sei anni di collaborazoine impegnata. Il presidente Rafael Meyer ha reso omaggio e ringraziato il collega uscente, che ha sempre svolto il suo lavoro in modo molto collegiale e con passione e attenzione.  <\/p>\n\n<figure class=\"wp-block-image aligncenter size-large is-resized\"><img loading=\"lazy\" decoding=\"async\" width=\"1024\" height=\"768\" src=\"https:\/\/smc-news.ch\/wp-content\/uploads\/2024\/05\/1000003185-1024x768.jpg\" alt=\"\" class=\"wp-image-7386\" style=\"width:600px\" srcset=\"https:\/\/smc-news.ch\/wp-content\/uploads\/2024\/05\/1000003185-980x735.jpg 980w, https:\/\/smc-news.ch\/wp-content\/uploads\/2024\/05\/1000003185-480x360.jpg 480w\" sizes=\"auto, (min-width: 0px) and (max-width: 480px) 480px, (min-width: 481px) and (max-width: 980px) 980px, (min-width: 981px) 1024px, 100vw\" \/><figcaption class=\"wp-element-caption\">Il Presidente Rafael Meyer saluta Michael Ehrensperger dal Comitato Direttivo.<\/figcaption><\/figure>\n\n<p class=\"has-text-align-center has-small-font-size\"><\/p>\n\n<p>Nella successiva elezione per la sostituzione di Michael Ehrensperger \u00e8 stata eletta Gabriela Latour, neuropsicologa responsabile presso il Dipartimento di Psichiatria Geriatrica e Psicoterapia dell&#8217;Ospedale Psichiatrico Universitario di Zurigo. Questa elezione garantisce che la neuropsicologia continui ad essere rappresentata da due membri nel Comitato Direttivo delle SMC. Inoltre, Julius Popp e Christian Chicherio sono stati rieletti per un ulteriore mandato di due anni.  <\/p>\n\n<p>Altre risoluzioni importanti dell&#8217;Assemblea Generale:<br\/>Per ulteriori dettagli, si rimanda agli allegati della lettera d\u2019invito dell&#8217;Assemblea Generale 2024:<\/p>\n\n<ul class=\"wp-block-list\">\n<li>Il rapporto annuale del presidente \u00e8 stato approvato all&#8217;unanimit\u00e0.<\/li>\n\n\n\n<li>La quota associativa sar\u00e0 aumentata da CHF 500,00 a CHF 1.000,00 a partire dal 2024, per poter mantenere le importanti attivit\u00e0 attuali dell&#8217;associazione ed affrontare il deficit strutturale. La proposta \u00e8 stata approvata a larga maggioranza. <\/li>\n\n\n\n<li>I criteri minimi per l&#8217;adesione all&#8217;associazione delle Swiss Memory Clinics sono stati leggermente chiariti e integrati nell&#8217;interesse di uno sviluppo qualitativo inclusivo. La richiesta \u00e8 stata approvata all&#8217;unanimit\u00e0. <\/li>\n\n\n\n<li>Il bilancio annuale 2023 e il budget 2024 sono stati confermati ed \u00e8 stato concesso il discarico al Comitato Direttivo.<\/li>\n<\/ul>\n\n<div class=\"wp-block-columns is-layout-flex wp-container-core-columns-is-layout-9d6595d7 wp-block-columns-is-layout-flex\">\n<div class=\"wp-block-column is-layout-flow wp-block-column-is-layout-flow\" style=\"flex-basis:100%\">\n<figure class=\"wp-block-image aligncenter size-large is-resized\"><img loading=\"lazy\" decoding=\"async\" width=\"1024\" height=\"768\" src=\"https:\/\/smc-news.ch\/wp-content\/uploads\/2024\/05\/1000003142-1024x768.jpg\" alt=\"\" class=\"wp-image-7383\" style=\"width:600px\" srcset=\"https:\/\/smc-news.ch\/wp-content\/uploads\/2024\/05\/1000003142-980x735.jpg 980w, https:\/\/smc-news.ch\/wp-content\/uploads\/2024\/05\/1000003142-480x360.jpg 480w\" sizes=\"auto, (min-width: 0px) and (max-width: 480px) 480px, (min-width: 481px) and (max-width: 980px) 980px, (min-width: 981px) 1024px, 100vw\" \/><figcaption class=\"wp-element-caption\">Sessione plenaria dell&#8217;Assemblea Generale delle SMC il 15 maggio 2024<\/figcaption><\/figure>\n<\/div>\n<\/div>\n\n<p>La prossima giornata di formazione continua e l&#8217;Assemblea Generale si terranno nuovamente a Berna il 14 maggio 2025. Non vediamo l\u2019ora di affrontare le numerose sfide future insieme ai nostri membri. Grazie per il vostro prezioso impegno in quest\u2019importante settore specialistico.  <\/p>\n\n<p class=\"has-text-align-center has-small-font-size\"> <img loading=\"lazy\" decoding=\"async\" width=\"600\" height=\"450\" class=\"wp-image-7389\" style=\"width: 600px;\" src=\"https:\/\/smc-news.ch\/wp-content\/uploads\/2024\/05\/1000003210-scaled.jpg\" alt=\"\"\/><br\/>Anuncio della prossima Assemblea Generale, il 14 maggio 2025 a Berna<\/p>\n","protected":false},"excerpt":{"rendered":"<p>La giornata di formazione continua SMC e la successiva Assemblea Generale del 15 maggio 2024 hanno suscitato grande interesse: 84 partecipanti hanno preso parte al simposio e 51 persone per 28 cliniche della memoria hanno assistito all&#8217;Assemblea Generale. Il Simposio SMC del mattinoIl corso di formazione continua ha iniziato con una presentazione del Prof. Dr. [&hellip;]<\/p>\n","protected":false},"author":1,"featured_media":6758,"comment_status":"open","ping_status":"open","sticky":false,"template":"","format":"standard","meta":{"_et_pb_use_builder":"off","_et_pb_old_content":"","_et_gb_content_width":"","footnotes":""},"categories":[35],"tags":[],"class_list":["post-7480","post","type-post","status-publish","format-standard","has-post-thumbnail","hentry","category-associazione-smc"],"_links":{"self":[{"href":"https:\/\/smc-news.ch\/it\/wp-json\/wp\/v2\/posts\/7480","targetHints":{"allow":["GET"]}}],"collection":[{"href":"https:\/\/smc-news.ch\/it\/wp-json\/wp\/v2\/posts"}],"about":[{"href":"https:\/\/smc-news.ch\/it\/wp-json\/wp\/v2\/types\/post"}],"author":[{"embeddable":true,"href":"https:\/\/smc-news.ch\/it\/wp-json\/wp\/v2\/users\/1"}],"replies":[{"embeddable":true,"href":"https:\/\/smc-news.ch\/it\/wp-json\/wp\/v2\/comments?post=7480"}],"version-history":[{"count":1,"href":"https:\/\/smc-news.ch\/it\/wp-json\/wp\/v2\/posts\/7480\/revisions"}],"predecessor-version":[{"id":7481,"href":"https:\/\/smc-news.ch\/it\/wp-json\/wp\/v2\/posts\/7480\/revisions\/7481"}],"wp:featuredmedia":[{"embeddable":true,"href":"https:\/\/smc-news.ch\/it\/wp-json\/wp\/v2\/media\/6758"}],"wp:attachment":[{"href":"https:\/\/smc-news.ch\/it\/wp-json\/wp\/v2\/media?parent=7480"}],"wp:term":[{"taxonomy":"category","embeddable":true,"href":"https:\/\/smc-news.ch\/it\/wp-json\/wp\/v2\/categories?post=7480"},{"taxonomy":"post_tag","embeddable":true,"href":"https:\/\/smc-news.ch\/it\/wp-json\/wp\/v2\/tags?post=7480"}],"curies":[{"name":"wp","href":"https:\/\/api.w.org\/{rel}","templated":true}]}}