{"id":7604,"date":"2024-09-22T19:29:55","date_gmt":"2024-09-22T17:29:55","guid":{"rendered":"https:\/\/smc-news.ch\/?p=7604"},"modified":"2024-09-23T13:14:01","modified_gmt":"2024-09-23T11:14:01","slug":"il-media-toolbox-presto-disponibile-media-toolbox-demnaechst-verfuegbar","status":"publish","type":"post","link":"https:\/\/smc-news.ch\/it\/il-media-toolbox-presto-disponibile-media-toolbox-demnaechst-verfuegbar\/","title":{"rendered":"Il Media toolbox presto disponibile"},"content":{"rendered":"\n<p>Volete che i pazienti e le persone in cerca di consigli possano trovarvi f\u00e1cilmente e ottenere una maggiore visibilit\u00e0 nella vostra regione? Allora un po&#8217; di relazioni pubbliche per conto vostro sar\u00e0 sicuramente d&#8217;aiuto. <\/p>\n\n<p>Vogliamo facilitare la pubblicit\u00e0 in loco e stiamo attualmente sviluppando una serie di strumenti di comunicazione che potrete facilmente adattare e utilizzare nella la vostra sede.<\/p>\n\n<p>Nel nuovo &#8220;Media toolbox&#8221;, ad esempio, troverete il logo delle Swiss Memory Clinics.<\/p>\n\n<p>Se retenete la necessit\u00e0 di ulteriori strumenti di comunicazione, saremo lieti di ricevere i vostri suggerimenti. Il &#8220;Media toolbox&#8221; sar\u00e0 probabilmente disponibile nell&#8217;area riservata ai soci a partire dall&#8217;autunno 2024. <\/p>\n","protected":false},"excerpt":{"rendered":"<p>Volete che i pazienti e le persone in cerca di consigli possano trovarvi f\u00e1cilmente e ottenere una maggiore visibilit\u00e0 nella vostra regione? Allora un po&#8217; di relazioni pubbliche per conto vostro sar\u00e0 sicuramente d&#8217;aiuto. Vogliamo facilitare la pubblicit\u00e0 in loco e stiamo attualmente sviluppando una serie di strumenti di comunicazione che potrete facilmente adattare e [&hellip;]<\/p>\n","protected":false},"author":1,"featured_media":6758,"comment_status":"open","ping_status":"open","sticky":false,"template":"","format":"standard","meta":{"_et_pb_use_builder":"off","_et_pb_old_content":"","_et_gb_content_width":"","footnotes":""},"categories":[35],"tags":[],"class_list":["post-7604","post","type-post","status-publish","format-standard","has-post-thumbnail","hentry","category-associazione-smc"],"_links":{"self":[{"href":"https:\/\/smc-news.ch\/it\/wp-json\/wp\/v2\/posts\/7604","targetHints":{"allow":["GET"]}}],"collection":[{"href":"https:\/\/smc-news.ch\/it\/wp-json\/wp\/v2\/posts"}],"about":[{"href":"https:\/\/smc-news.ch\/it\/wp-json\/wp\/v2\/types\/post"}],"author":[{"embeddable":true,"href":"https:\/\/smc-news.ch\/it\/wp-json\/wp\/v2\/users\/1"}],"replies":[{"embeddable":true,"href":"https:\/\/smc-news.ch\/it\/wp-json\/wp\/v2\/comments?post=7604"}],"version-history":[{"count":3,"href":"https:\/\/smc-news.ch\/it\/wp-json\/wp\/v2\/posts\/7604\/revisions"}],"predecessor-version":[{"id":7659,"href":"https:\/\/smc-news.ch\/it\/wp-json\/wp\/v2\/posts\/7604\/revisions\/7659"}],"wp:featuredmedia":[{"embeddable":true,"href":"https:\/\/smc-news.ch\/it\/wp-json\/wp\/v2\/media\/6758"}],"wp:attachment":[{"href":"https:\/\/smc-news.ch\/it\/wp-json\/wp\/v2\/media?parent=7604"}],"wp:term":[{"taxonomy":"category","embeddable":true,"href":"https:\/\/smc-news.ch\/it\/wp-json\/wp\/v2\/categories?post=7604"},{"taxonomy":"post_tag","embeddable":true,"href":"https:\/\/smc-news.ch\/it\/wp-json\/wp\/v2\/tags?post=7604"}],"curies":[{"name":"wp","href":"https:\/\/api.w.org\/{rel}","templated":true}]}}