{"id":7621,"date":"2024-09-22T19:28:49","date_gmt":"2024-09-22T17:28:49","guid":{"rendered":"https:\/\/smc-news.ch\/?p=7621"},"modified":"2024-09-23T11:52:06","modified_gmt":"2024-09-23T09:52:06","slug":"ricerca-biomarcatori-basati-sul-sangue","status":"publish","type":"post","link":"https:\/\/smc-news.ch\/it\/ricerca-biomarcatori-basati-sul-sangue\/","title":{"rendered":"Ricerca: Biomarcatori basati sul sangue"},"content":{"rendered":"\n<p><strong>Mentre la diagnostica molecolare fa gi\u00e0 parte della pratica di routine in diverse specialit\u00e0 mediche, consentendo una terapia mirata, la diagnosi di demenza si basa attualmente principalmente sulla clinica, sull&#8217;esame neuropsicologico, sulla diagnostica per immagini (estesa) ed eventualmente sulla puntura lombare (vedi: \u201cRaccomandazioni diagnostiche delle Swiss Memory Clinics\u201d). Possiamo aspettarci che i biomarcatori ematici facciano il loro ingresso nella pratica clinica quotidiana per la diagnosi della malattia di Alzheimer nel prossimo futuro. <\/strong><\/p>\n\n<p>L&#8217;uso promettente di biomarcatori ematici prontamente disponibili solleva molte domande riguardo alla loro introduzione clinica. Anche in questo caso, l&#8217;associazione Swiss Memory Clinics si adoperer\u00e0 per garantire che i biomarcatori siano utilizzati secondo gli standard pi\u00f9 elevati possibili e, a tempo debito, elaborer\u00e0 raccomandazioni appropriate. <\/p>\n\n<p>Uno studio svedese di recente pubblicazione ha dimostrato che la diagnosi effettuata con biomarcatori ematici \u00e8 superiore alla certezza diagnostica degli specialisti della demenza* e dei medici privati.<\/p>\n\n<p><\/p>\n\n<p><sup><em>Palmqvist S, Tideman P, Mattsson-Carlgren N, et al. Blood Biomarkers to Detect Alzheimer Disease in Primary Care and Secondary Care.  JAMA. Published online July 28, 2024. doi:10.1001\/jama.2024.13855 <\/em><\/sup><\/p>\n","protected":false},"excerpt":{"rendered":"<p>Mentre la diagnostica molecolare fa gi\u00e0 parte della pratica di routine in diverse specialit\u00e0 mediche, consentendo una terapia mirata, la diagnosi di demenza si basa attualmente principalmente sulla clinica, sull&#8217;esame neuropsicologico, sulla diagnostica per immagini (estesa) ed eventualmente sulla puntura lombare (vedi: \u201cRaccomandazioni diagnostiche delle Swiss Memory Clinics\u201d). Possiamo aspettarci che i biomarcatori ematici facciano [&hellip;]<\/p>\n","protected":false},"author":1,"featured_media":6770,"comment_status":"open","ping_status":"open","sticky":false,"template":"","format":"standard","meta":{"_et_pb_use_builder":"off","_et_pb_old_content":"","_et_gb_content_width":"","footnotes":""},"categories":[33],"tags":[],"class_list":["post-7621","post","type-post","status-publish","format-standard","has-post-thumbnail","hentry","category-ricerca"],"_links":{"self":[{"href":"https:\/\/smc-news.ch\/it\/wp-json\/wp\/v2\/posts\/7621","targetHints":{"allow":["GET"]}}],"collection":[{"href":"https:\/\/smc-news.ch\/it\/wp-json\/wp\/v2\/posts"}],"about":[{"href":"https:\/\/smc-news.ch\/it\/wp-json\/wp\/v2\/types\/post"}],"author":[{"embeddable":true,"href":"https:\/\/smc-news.ch\/it\/wp-json\/wp\/v2\/users\/1"}],"replies":[{"embeddable":true,"href":"https:\/\/smc-news.ch\/it\/wp-json\/wp\/v2\/comments?post=7621"}],"version-history":[{"count":2,"href":"https:\/\/smc-news.ch\/it\/wp-json\/wp\/v2\/posts\/7621\/revisions"}],"predecessor-version":[{"id":7646,"href":"https:\/\/smc-news.ch\/it\/wp-json\/wp\/v2\/posts\/7621\/revisions\/7646"}],"wp:featuredmedia":[{"embeddable":true,"href":"https:\/\/smc-news.ch\/it\/wp-json\/wp\/v2\/media\/6770"}],"wp:attachment":[{"href":"https:\/\/smc-news.ch\/it\/wp-json\/wp\/v2\/media?parent=7621"}],"wp:term":[{"taxonomy":"category","embeddable":true,"href":"https:\/\/smc-news.ch\/it\/wp-json\/wp\/v2\/categories?post=7621"},{"taxonomy":"post_tag","embeddable":true,"href":"https:\/\/smc-news.ch\/it\/wp-json\/wp\/v2\/tags?post=7621"}],"curies":[{"name":"wp","href":"https:\/\/api.w.org\/{rel}","templated":true}]}}